{"id":670,"date":"2024-12-17T09:15:32","date_gmt":"2024-12-17T09:15:32","guid":{"rendered":"https:\/\/claudiuscluever.de\/?p=670"},"modified":"2024-12-17T10:07:03","modified_gmt":"2024-12-17T10:07:03","slug":"werte-it-warum-barrierefreiheit-und-inklusion-in-der-it-wichtig-ist","status":"publish","type":"post","link":"https:\/\/claudiuscluever.de\/?p=670","title":{"rendered":"werte.it: Warum Barrierefreiheit und Inklusion in der IT wichtig ist"},"content":{"rendered":"\n<p>F\u00fcr das Projekt &#8220;werte.it&#8221;, in dem ich arbeite, habe ich heute eine kurze Begr\u00fcndung geschrieben \u2013 Es geht darum, warum Barrierefreiheit und Inklusion allgemein im Bereich der Erwerbsarbeit wichtig sind und warum in der IT im speziellen. Inklusion von Menschen mit Behinderungen im IT-Bereich ist der Fokus des Projekts. In den Text sind Informationen aus dem Projektantrag eingeflossen.<\/p>\n\n\n\n<p>Hier die Begr\u00fcndung:<\/p>\n\n\n\n<p>Im Forschungsprojekt \u201eWERTE IT\u201c wird die Besch\u00e4ftigung von Menschen mit Behinderungen im IT-Bereich erforscht und gef\u00f6rdert. Das ist aus verschiedenen Gr\u00fcnden wichtig, die im Folgenden dargelegt werden. Der Anteil von Menschen mit Behinderungen an der Gesamtbev\u00f6lkerung steigt. Mit 49 % ist die Besch\u00e4ftigungsquote von Menschen mit Behinderungen im Vergleich zu Menschen ohne Behinderungen mit mehr als 78 % unverh\u00e4ltnism\u00e4\u00dfig niedrig. Das Europ\u00e4ische Parlament geht davon aus, dass auch heute &#8221; \u2026 Menschen mit Behinderungen in der EU immer noch systematisch das Recht auf Arbeit vorenthalten&#8221; wird. Folge ist ein um 66 % h\u00f6here Armutsrisiko der Menschen mit Behinderungen gegen\u00fcber dem von Menschen ohne Behinderungen. Die Digi\u00adtalisierungsstrategie des Bundes in Form von Onlinezugangsgesetz (OZG) und E-Government-Gesetz (EGovG) in Kombination mit der allgemeinen Zunahme der Informationstechnologie in allen Bereichen des t\u00e4glichen Lebens lassen einen weiteren Anstieg der IT-Dichte am Arbeitsplatz und eine steigende Vernetzung antizipieren. Die Schaffung von Arbeitspl\u00e4tzen f\u00fcr Menschen mit Behinderungen ist entscheidend f\u00fcr eine inklusive Gesellschaft. Daf\u00fcr muss in Organisationen die Mitarbeiterbeteiligung erh\u00f6ht, das Wissen um Inklusion erh\u00f6ht und Barrierefreiheit fester Bestandteil der IT-Strategie werden.<\/p>\n\n\n\n<p><\/p>\n","protected":false},"excerpt":{"rendered":"<p>F\u00fcr das Projekt &#8220;werte.it&#8221;, in dem ich arbeite, habe ich heute eine kurze Begr\u00fcndung geschrieben \u2013 Es geht darum, warum Barrierefreiheit und Inklusion allgemein im Bereich der Erwerbsarbeit wichtig sind und warum in der IT im speziellen. Inklusion von Menschen mit Behinderungen im IT-Bereich ist der Fokus des Projekts. In den Text sind Informationen aus [&hellip;]<\/p>\n","protected":false},"author":1,"featured_media":0,"comment_status":"open","ping_status":"open","sticky":false,"template":"","format":"standard","meta":{"footnotes":""},"categories":[1],"tags":[],"class_list":["post-670","post","type-post","status-publish","format-standard","hentry","category-uncategorized"],"_links":{"self":[{"href":"https:\/\/claudiuscluever.de\/index.php?rest_route=\/wp\/v2\/posts\/670","targetHints":{"allow":["GET"]}}],"collection":[{"href":"https:\/\/claudiuscluever.de\/index.php?rest_route=\/wp\/v2\/posts"}],"about":[{"href":"https:\/\/claudiuscluever.de\/index.php?rest_route=\/wp\/v2\/types\/post"}],"author":[{"embeddable":true,"href":"https:\/\/claudiuscluever.de\/index.php?rest_route=\/wp\/v2\/users\/1"}],"replies":[{"embeddable":true,"href":"https:\/\/claudiuscluever.de\/index.php?rest_route=%2Fwp%2Fv2%2Fcomments&post=670"}],"version-history":[{"count":4,"href":"https:\/\/claudiuscluever.de\/index.php?rest_route=\/wp\/v2\/posts\/670\/revisions"}],"predecessor-version":[{"id":674,"href":"https:\/\/claudiuscluever.de\/index.php?rest_route=\/wp\/v2\/posts\/670\/revisions\/674"}],"wp:attachment":[{"href":"https:\/\/claudiuscluever.de\/index.php?rest_route=%2Fwp%2Fv2%2Fmedia&parent=670"}],"wp:term":[{"taxonomy":"category","embeddable":true,"href":"https:\/\/claudiuscluever.de\/index.php?rest_route=%2Fwp%2Fv2%2Fcategories&post=670"},{"taxonomy":"post_tag","embeddable":true,"href":"https:\/\/claudiuscluever.de\/index.php?rest_route=%2Fwp%2Fv2%2Ftags&post=670"}],"curies":[{"name":"wp","href":"https:\/\/api.w.org\/{rel}","templated":true}]}}